{"id":6342,"date":"2026-02-11T16:11:37","date_gmt":"2026-02-11T22:11:37","guid":{"rendered":"https:\/\/munisanantoniosuch.com\/?p=6342"},"modified":"2026-02-20T17:33:18","modified_gmt":"2026-02-20T23:33:18","slug":"mejoramiento-camino-rural-sector-saquill-tercera-fase","status":"publish","type":"post","link":"https:\/\/munisanantoniosuch.com\/?p=6342","title":{"rendered":"Mejoramiento Camino Rural Sector Saquill, Tercera Fase"},"content":{"rendered":"<div class=\"x14z9mp xat24cr x1lziwak x1vvkbs xtlvy1s x126k92a\">\n<div dir=\"auto\" style=\"text-align: justify;\">Este d\u00eda, el se\u00f1or alcalde Mauricio Ovalle, en compa\u00f1\u00eda de miembros de su Concejo Municipal y del COCODE, dio el banderazo de inicio al proyecto: &#8220;Mejoramiento Camino Rural Sector Saquill, Tercera Fase&#8221; en Aldea Concepci\u00f3n Ixtacapa.<\/div>\n<\/div>\n<div class=\"x14z9mp xat24cr x1lziwak x1vvkbs xtlvy1s x126k92a\" style=\"text-align: justify;\">\n<div dir=\"auto\">Queremos extender un agradecimiento especial al se\u00f1or Antonio Caniz, quien con gran esp\u00edritu de servicio don\u00f3 una parte de su terreno. Gracias a este gesto, el tramo se ampliar\u00e1 2 metros adicionales, logrando un ancho total de 6 para una mejor circulaci\u00f3n.<\/div>\n<\/div>\n<div class=\"x14z9mp xat24cr x1lziwak x1vvkbs xtlvy1s x126k92a\" style=\"text-align: justify;\">\n<div dir=\"auto\"><span class=\"html-span xexx8yu xyri2b x18d9i69 x1c1uobl x1hl2dhg x16tdsg8 x1vvkbs x3nfvp2 x1j61x8r x1fcty0u xdj266r xat24cr xm2jcoa x1mpyi22 xxymvpz xlup9mm x1kky2od\"><img loading=\"lazy\" decoding=\"async\" class=\"xz74otr x15mokao x1ga7v0g x16uus16 xbiv7yw\" src=\"https:\/\/static.xx.fbcdn.net\/images\/emoji.php\/v9\/tf4\/1\/16\/2728.png\" alt=\"\u2728\" width=\"16\" height=\"16\" \/><\/span> El impacto: Esta fase es crucial, ya que permitir\u00e1 conectar directamente al sector con la carretera CA-2, facilitando el comercio y el transporte para todas las familias.<\/div>\n<\/div>\n<div class=\"x14z9mp xat24cr x1lziwak x1vvkbs xtlvy1s x126k92a\">\n<div dir=\"auto\" style=\"text-align: justify;\">Administraci\u00f3n Municipal 2024-2028, un coraz\u00f3n para servir.<\/div>\n<\/div>\n<p>&nbsp;<\/p>\n<p>&nbsp;<\/p>\n<div><\/div>\n","protected":false},"excerpt":{"rendered":"<p>Este d\u00eda, el se\u00f1or alcalde Mauricio Ovalle, en compa\u00f1\u00eda de miembros de su Concejo Municipal y del COCODE, dio el banderazo de inicio al proyecto: &#8220;Mejoramiento Camino Rural Sector Saquill, Tercera Fase&#8221; en Aldea Concepci\u00f3n Ixtacapa. Queremos extender un agradecimiento especial al se\u00f1or Antonio Caniz, quien con gran esp\u00edritu de servicio don\u00f3 una parte de [&hellip;]<\/p>\n","protected":false},"author":1,"featured_media":6332,"comment_status":"closed","ping_status":"open","sticky":false,"template":"","format":"gallery","meta":{"footnotes":""},"categories":[4],"tags":[178],"class_list":["post-6342","post","type-post","status-publish","format-gallery","has-post-thumbnail","hentry","category-vias-de-comunicacion","tag-portada","post_format-post-format-gallery"],"_links":{"self":[{"href":"https:\/\/munisanantoniosuch.com\/index.php?rest_route=\/wp\/v2\/posts\/6342","targetHints":{"allow":["GET"]}}],"collection":[{"href":"https:\/\/munisanantoniosuch.com\/index.php?rest_route=\/wp\/v2\/posts"}],"about":[{"href":"https:\/\/munisanantoniosuch.com\/index.php?rest_route=\/wp\/v2\/types\/post"}],"author":[{"embeddable":true,"href":"https:\/\/munisanantoniosuch.com\/index.php?rest_route=\/wp\/v2\/users\/1"}],"replies":[{"embeddable":true,"href":"https:\/\/munisanantoniosuch.com\/index.php?rest_route=%2Fwp%2Fv2%2Fcomments&post=6342"}],"version-history":[{"count":1,"href":"https:\/\/munisanantoniosuch.com\/index.php?rest_route=\/wp\/v2\/posts\/6342\/revisions"}],"predecessor-version":[{"id":6343,"href":"https:\/\/munisanantoniosuch.com\/index.php?rest_route=\/wp\/v2\/posts\/6342\/revisions\/6343"}],"wp:featuredmedia":[{"embeddable":true,"href":"https:\/\/munisanantoniosuch.com\/index.php?rest_route=\/wp\/v2\/media\/6332"}],"wp:attachment":[{"href":"https:\/\/munisanantoniosuch.com\/index.php?rest_route=%2Fwp%2Fv2%2Fmedia&parent=6342"}],"wp:term":[{"taxonomy":"category","embeddable":true,"href":"https:\/\/munisanantoniosuch.com\/index.php?rest_route=%2Fwp%2Fv2%2Fcategories&post=6342"},{"taxonomy":"post_tag","embeddable":true,"href":"https:\/\/munisanantoniosuch.com\/index.php?rest_route=%2Fwp%2Fv2%2Ftags&post=6342"}],"curies":[{"name":"wp","href":"https:\/\/api.w.org\/{rel}","templated":true}]}}