{"id":6272,"date":"2026-02-04T08:26:05","date_gmt":"2026-02-04T14:26:05","guid":{"rendered":"https:\/\/munisanantoniosuch.com\/?p=6272"},"modified":"2026-02-20T15:50:29","modified_gmt":"2026-02-20T21:50:29","slug":"jornada-de-concientizacion-en-la-aldea-concepcion-ixtacapa","status":"publish","type":"post","link":"https:\/\/munisanantoniosuch.com\/?p=6272","title":{"rendered":"Jornada de concientizaci\u00f3n en la Aldea Concepci\u00f3n Ixtacapa"},"content":{"rendered":"<div class=\"xdj266r x14z9mp xat24cr x1lziwak x1vvkbs x126k92a\">\n<div dir=\"auto\">\u00a1Tu seguridad es nuestra prioridad!<\/div>\n<div dir=\"auto\"><\/div>\n<\/div>\n<div class=\"x14z9mp xat24cr x1lziwak x1vvkbs xtlvy1s x126k92a\">\n<div dir=\"auto\" style=\"text-align: justify;\">Bajo la iniciativa de nuestro alcalde, Mauricio Ovalle, el personal de la Polic\u00eda Municipal de Tr\u00e1nsito -PMT- llev\u00f3 a cabo una importante jornada de concientizaci\u00f3n en la Aldea Concepci\u00f3n Ixtacapa.<\/div>\n<\/div>\n<div class=\"x14z9mp xat24cr x1lziwak x1vvkbs xtlvy1s x126k92a\" style=\"text-align: justify;\">\n<div dir=\"auto\">El objetivo es claro: fomentar en ni\u00f1os, padres de familia y vecinos el uso de la pasarela para prevenir accidentes y proteger la vida de todos.<\/div>\n<\/div>\n<div class=\"x14z9mp xat24cr x1lziwak x1vvkbs xtlvy1s x126k92a\" style=\"text-align: justify;\">\n<div dir=\"auto\">\u00a1Recuerda que un minuto de tu tiempo en la pasarela puede salvar tu vida!<\/div>\n<div dir=\"auto\"><\/div>\n<\/div>\n<div class=\"x14z9mp xat24cr x1lziwak x1vvkbs xtlvy1s x126k92a\">\n<div dir=\"auto\" style=\"text-align: justify;\">Administraci\u00f3n Municipal 2024-2028, un coraz\u00f3n para servir.<\/div>\n<\/div>\n<p>&nbsp;<\/p>\n<div><\/div>\n<p>&nbsp;<\/p>\n","protected":false},"excerpt":{"rendered":"<p>\u00a1Tu seguridad es nuestra prioridad! Bajo la iniciativa de nuestro alcalde, Mauricio Ovalle, el personal de la Polic\u00eda Municipal de Tr\u00e1nsito -PMT- llev\u00f3 a cabo una importante jornada de concientizaci\u00f3n en la Aldea Concepci\u00f3n Ixtacapa. El objetivo es claro: fomentar en ni\u00f1os, padres de familia y vecinos el uso de la pasarela para prevenir accidentes [&hellip;]<\/p>\n","protected":false},"author":1,"featured_media":6267,"comment_status":"closed","ping_status":"open","sticky":false,"template":"","format":"gallery","meta":{"footnotes":""},"categories":[185],"tags":[178],"class_list":["post-6272","post","type-post","status-publish","format-gallery","has-post-thumbnail","hentry","category-seguridad-y-educacion-vial","tag-portada","post_format-post-format-gallery"],"_links":{"self":[{"href":"https:\/\/munisanantoniosuch.com\/index.php?rest_route=\/wp\/v2\/posts\/6272","targetHints":{"allow":["GET"]}}],"collection":[{"href":"https:\/\/munisanantoniosuch.com\/index.php?rest_route=\/wp\/v2\/posts"}],"about":[{"href":"https:\/\/munisanantoniosuch.com\/index.php?rest_route=\/wp\/v2\/types\/post"}],"author":[{"embeddable":true,"href":"https:\/\/munisanantoniosuch.com\/index.php?rest_route=\/wp\/v2\/users\/1"}],"replies":[{"embeddable":true,"href":"https:\/\/munisanantoniosuch.com\/index.php?rest_route=%2Fwp%2Fv2%2Fcomments&post=6272"}],"version-history":[{"count":1,"href":"https:\/\/munisanantoniosuch.com\/index.php?rest_route=\/wp\/v2\/posts\/6272\/revisions"}],"predecessor-version":[{"id":6273,"href":"https:\/\/munisanantoniosuch.com\/index.php?rest_route=\/wp\/v2\/posts\/6272\/revisions\/6273"}],"wp:featuredmedia":[{"embeddable":true,"href":"https:\/\/munisanantoniosuch.com\/index.php?rest_route=\/wp\/v2\/media\/6267"}],"wp:attachment":[{"href":"https:\/\/munisanantoniosuch.com\/index.php?rest_route=%2Fwp%2Fv2%2Fmedia&parent=6272"}],"wp:term":[{"taxonomy":"category","embeddable":true,"href":"https:\/\/munisanantoniosuch.com\/index.php?rest_route=%2Fwp%2Fv2%2Fcategories&post=6272"},{"taxonomy":"post_tag","embeddable":true,"href":"https:\/\/munisanantoniosuch.com\/index.php?rest_route=%2Fwp%2Fv2%2Ftags&post=6272"}],"curies":[{"name":"wp","href":"https:\/\/api.w.org\/{rel}","templated":true}]}}