{"id":6030,"date":"2026-01-09T10:37:44","date_gmt":"2026-01-09T16:37:44","guid":{"rendered":"https:\/\/munisanantoniosuch.com\/?p=6030"},"modified":"2026-01-26T09:50:56","modified_gmt":"2026-01-26T15:50:56","slug":"proyecto-ampliacion-escuela-primaria-rural-mixta-de-sector-quinonez-aldea-barrios-ii","status":"publish","type":"post","link":"https:\/\/munisanantoniosuch.com\/?p=6030","title":{"rendered":"Proyecto Ampliaci\u00f3n Escuela Primaria Rural Mixta de Sector Qui\u00f1\u00f3nez, Aldea Barrios II"},"content":{"rendered":"<div class=\"xdj266r x14z9mp xat24cr x1lziwak x1vvkbs x126k92a\">\n<div dir=\"auto\" style=\"text-align: justify;\">Gracias a gestiones realizadas por el se\u00f1or alcalde Mauricio Ovalle ante el ConcejoDepartamentaldeDesarrollo -CODEDE-, se esta desarrollando el proyecto Ampliaci\u00f3n Escuela Primaria Rural Mixta de Sector Qui\u00f1\u00f3nez, Aldea Barrios II.<\/div>\n<\/div>\n<div class=\"x14z9mp xat24cr x1lziwak x1vvkbs xtlvy1s x126k92a\" style=\"text-align: justify;\">\n<div dir=\"auto\">Que consta en la construcci\u00f3n de 4 aulas, ba\u00f1os y salones equipados con escritorios y pizarrones.<\/div>\n<div dir=\"auto\"><\/div>\n<\/div>\n<div class=\"x14z9mp xat24cr x1lziwak x1vvkbs xtlvy1s x126k92a\">\n<div dir=\"auto\" style=\"text-align: justify;\">Administraci\u00f3n Municipal 2024-2028, un coraz\u00f3n para servir.<\/div>\n<\/div>\n<p>&nbsp;<\/p>\n<p>&nbsp;<\/p>\n<div><\/div>\n","protected":false},"excerpt":{"rendered":"<p>Gracias a gestiones realizadas por el se\u00f1or alcalde Mauricio Ovalle ante el ConcejoDepartamentaldeDesarrollo -CODEDE-, se esta desarrollando el proyecto Ampliaci\u00f3n Escuela Primaria Rural Mixta de Sector Qui\u00f1\u00f3nez, Aldea Barrios II. Que consta en la construcci\u00f3n de 4 aulas, ba\u00f1os y salones equipados con escritorios y pizarrones. Administraci\u00f3n Municipal 2024-2028, un coraz\u00f3n para servir. &nbsp; &nbsp;<\/p>\n","protected":false},"author":1,"featured_media":6025,"comment_status":"closed","ping_status":"open","sticky":false,"template":"","format":"gallery","meta":{"footnotes":""},"categories":[196],"tags":[178],"class_list":["post-6030","post","type-post","status-publish","format-gallery","has-post-thumbnail","hentry","category-infraestructura","tag-portada","post_format-post-format-gallery"],"_links":{"self":[{"href":"https:\/\/munisanantoniosuch.com\/index.php?rest_route=\/wp\/v2\/posts\/6030","targetHints":{"allow":["GET"]}}],"collection":[{"href":"https:\/\/munisanantoniosuch.com\/index.php?rest_route=\/wp\/v2\/posts"}],"about":[{"href":"https:\/\/munisanantoniosuch.com\/index.php?rest_route=\/wp\/v2\/types\/post"}],"author":[{"embeddable":true,"href":"https:\/\/munisanantoniosuch.com\/index.php?rest_route=\/wp\/v2\/users\/1"}],"replies":[{"embeddable":true,"href":"https:\/\/munisanantoniosuch.com\/index.php?rest_route=%2Fwp%2Fv2%2Fcomments&post=6030"}],"version-history":[{"count":1,"href":"https:\/\/munisanantoniosuch.com\/index.php?rest_route=\/wp\/v2\/posts\/6030\/revisions"}],"predecessor-version":[{"id":6031,"href":"https:\/\/munisanantoniosuch.com\/index.php?rest_route=\/wp\/v2\/posts\/6030\/revisions\/6031"}],"wp:featuredmedia":[{"embeddable":true,"href":"https:\/\/munisanantoniosuch.com\/index.php?rest_route=\/wp\/v2\/media\/6025"}],"wp:attachment":[{"href":"https:\/\/munisanantoniosuch.com\/index.php?rest_route=%2Fwp%2Fv2%2Fmedia&parent=6030"}],"wp:term":[{"taxonomy":"category","embeddable":true,"href":"https:\/\/munisanantoniosuch.com\/index.php?rest_route=%2Fwp%2Fv2%2Fcategories&post=6030"},{"taxonomy":"post_tag","embeddable":true,"href":"https:\/\/munisanantoniosuch.com\/index.php?rest_route=%2Fwp%2Fv2%2Ftags&post=6030"}],"curies":[{"name":"wp","href":"https:\/\/api.w.org\/{rel}","templated":true}]}}