{"id":5795,"date":"2025-11-26T13:56:58","date_gmt":"2025-11-26T19:56:58","guid":{"rendered":"https:\/\/munisanantoniosuch.com\/?p=5795"},"modified":"2025-12-19T09:19:13","modified_gmt":"2025-12-19T15:19:13","slug":"caminata-conmemorando-el-dia-internacional-de-la-eliminacion-de-la-violencia-contra-la-mujer","status":"publish","type":"post","link":"https:\/\/munisanantoniosuch.com\/?p=5795","title":{"rendered":"Caminata conmemorando El D\u00eda Internacional de la Eliminaci\u00f3n de la Violencia Contra La Mujer"},"content":{"rendered":"<div class=\"xdj266r x14z9mp xat24cr x1lziwak x1vvkbs x126k92a\">\n<div dir=\"auto\" style=\"text-align: justify;\">M\u00e1s de mil mujeres participaron este d\u00eda en una caminata conmemorando El D\u00eda Internacional de la Eliminaci\u00f3n de la Violencia Contra La Mujer.<\/div>\n<\/div>\n<div class=\"x14z9mp xat24cr x1lziwak x1vvkbs xtlvy1s x126k92a\" style=\"text-align: justify;\">\n<div dir=\"auto\">La actividad fue coordinada por personal de -DMM- y concluy\u00f3 en el gimnasio municipal con la socializaci\u00f3n de temas con relaci\u00f3n al acontecimiento en menci\u00f3n, impartidos por representantes de instituciones invitadas, a la vez que se instalaron kioscos de informaci\u00f3n en el parque central.<\/div>\n<\/div>\n<div class=\"x14z9mp xat24cr x1lziwak x1vvkbs xtlvy1s x126k92a\" style=\"text-align: justify;\">\n<div dir=\"auto\">Se cont\u00f3 tambi\u00e9n con la presencia del se\u00f1or alcalde Mauricio Ovalle y Gobernadora del Departamento Licda. Mariana Enr\u00edquez.<\/div>\n<div dir=\"auto\"><\/div>\n<\/div>\n<div class=\"x14z9mp xat24cr x1lziwak x1vvkbs xtlvy1s x126k92a\">\n<div dir=\"auto\" style=\"text-align: justify;\">Administraci\u00f3n Municipal 2024-2028, un coraz\u00f3n para servir.<\/div>\n<\/div>\n<p>&nbsp;<\/p>\n<p>&nbsp;<\/p>\n<div><\/div>\n<p>&nbsp;<\/p>\n<p>&nbsp;<\/p>\n<p><a href=\"https:\/\/www.facebook.com\/photo\/?fbid=1428462019289258&amp;set=pcb.1428463549289105\"><img loading=\"lazy\" decoding=\"async\" class=\"alignnone wp-image-5796 size-full\" title=\"Ver galer\u00eda en Facebook\" src=\"https:\/\/munisanantoniosuch.com\/wp-content\/uploads\/2025\/12\/galeria.jpg\" alt=\"\" width=\"215\" height=\"71\" \/><\/a><\/p>\n","protected":false},"excerpt":{"rendered":"<p>M\u00e1s de mil mujeres participaron este d\u00eda en una caminata conmemorando El D\u00eda Internacional de la Eliminaci\u00f3n de la Violencia Contra La Mujer. La actividad fue coordinada por personal de -DMM- y concluy\u00f3 en el gimnasio municipal con la socializaci\u00f3n de temas con relaci\u00f3n al acontecimiento en menci\u00f3n, impartidos por representantes de instituciones invitadas, a [&hellip;]<\/p>\n","protected":false},"author":1,"featured_media":5783,"comment_status":"closed","ping_status":"open","sticky":false,"template":"","format":"gallery","meta":{"footnotes":""},"categories":[183],"tags":[178],"class_list":["post-5795","post","type-post","status-publish","format-gallery","has-post-thumbnail","hentry","category-desarrollo-social","tag-portada","post_format-post-format-gallery"],"_links":{"self":[{"href":"https:\/\/munisanantoniosuch.com\/index.php?rest_route=\/wp\/v2\/posts\/5795","targetHints":{"allow":["GET"]}}],"collection":[{"href":"https:\/\/munisanantoniosuch.com\/index.php?rest_route=\/wp\/v2\/posts"}],"about":[{"href":"https:\/\/munisanantoniosuch.com\/index.php?rest_route=\/wp\/v2\/types\/post"}],"author":[{"embeddable":true,"href":"https:\/\/munisanantoniosuch.com\/index.php?rest_route=\/wp\/v2\/users\/1"}],"replies":[{"embeddable":true,"href":"https:\/\/munisanantoniosuch.com\/index.php?rest_route=%2Fwp%2Fv2%2Fcomments&post=5795"}],"version-history":[{"count":1,"href":"https:\/\/munisanantoniosuch.com\/index.php?rest_route=\/wp\/v2\/posts\/5795\/revisions"}],"predecessor-version":[{"id":5797,"href":"https:\/\/munisanantoniosuch.com\/index.php?rest_route=\/wp\/v2\/posts\/5795\/revisions\/5797"}],"wp:featuredmedia":[{"embeddable":true,"href":"https:\/\/munisanantoniosuch.com\/index.php?rest_route=\/wp\/v2\/media\/5783"}],"wp:attachment":[{"href":"https:\/\/munisanantoniosuch.com\/index.php?rest_route=%2Fwp%2Fv2%2Fmedia&parent=5795"}],"wp:term":[{"taxonomy":"category","embeddable":true,"href":"https:\/\/munisanantoniosuch.com\/index.php?rest_route=%2Fwp%2Fv2%2Fcategories&post=5795"},{"taxonomy":"post_tag","embeddable":true,"href":"https:\/\/munisanantoniosuch.com\/index.php?rest_route=%2Fwp%2Fv2%2Ftags&post=5795"}],"curies":[{"name":"wp","href":"https:\/\/api.w.org\/{rel}","templated":true}]}}