{"id":5195,"date":"2025-04-03T16:12:50","date_gmt":"2025-04-03T22:12:50","guid":{"rendered":"https:\/\/munisanantoniosuch.com\/?p=5195"},"modified":"2025-04-21T15:27:19","modified_gmt":"2025-04-21T21:27:19","slug":"colocacion-de-banderines-con-los-colores-de-semana-santa-en-la-4ta-calle-entre-1ra-y-2da-ave","status":"publish","type":"post","link":"https:\/\/munisanantoniosuch.com\/?p=5195","title":{"rendered":"Colocaci\u00f3n de banderines con los colores de Semana Santa, en la 4ta. Calle, entre 1ra. Y 2da. Ave"},"content":{"rendered":"<div class=\"xdj266r x11i5rnm xat24cr x1mh8g0r x1vvkbs x126k92a\">\n<div dir=\"auto\" style=\"text-align: justify;\">Personal de Municipalidad que dirige don Mauricio Ovalle, realiza la colocaci\u00f3n de banderines con los colores de Semana Santa, en la 4ta. Calle, entre 1ra. Y 2da. Ave. De San Antonio Suchitep\u00e9quez.<\/div>\n<\/div>\n<div class=\"x11i5rnm xat24cr x1mh8g0r x1vvkbs xtlvy1s x126k92a\" style=\"text-align: justify;\">\n<div dir=\"auto\">Con ello nos unimos a la conmemoraci\u00f3n de esta \u00e9poca llena de fe y muchas tradiciones para la tierra del Tun y la Chirim\u00eda.<\/div>\n<div dir=\"auto\"><\/div>\n<\/div>\n<div class=\"x11i5rnm xat24cr x1mh8g0r x1vvkbs xtlvy1s x126k92a\">\n<div dir=\"auto\" style=\"text-align: justify;\">Administraci\u00f3n Municipal 2024-2028, un coraz\u00f3n para servir.<\/div>\n<\/div>\n<p>&nbsp;<\/p>\n<div><\/div>\n<p>&nbsp;<\/p>\n<p>&nbsp;<\/p>\n","protected":false},"excerpt":{"rendered":"<p>Personal de Municipalidad que dirige don Mauricio Ovalle, realiza la colocaci\u00f3n de banderines con los colores de Semana Santa, en la 4ta. Calle, entre 1ra. Y 2da. Ave. De San Antonio Suchitep\u00e9quez. Con ello nos unimos a la conmemoraci\u00f3n de esta \u00e9poca llena de fe y muchas tradiciones para la tierra del Tun y la [&hellip;]<\/p>\n","protected":false},"author":1,"featured_media":5192,"comment_status":"closed","ping_status":"open","sticky":false,"template":"","format":"gallery","meta":{"footnotes":""},"categories":[183],"tags":[178],"class_list":["post-5195","post","type-post","status-publish","format-gallery","has-post-thumbnail","hentry","category-desarrollo-social","tag-portada","post_format-post-format-gallery"],"_links":{"self":[{"href":"https:\/\/munisanantoniosuch.com\/index.php?rest_route=\/wp\/v2\/posts\/5195","targetHints":{"allow":["GET"]}}],"collection":[{"href":"https:\/\/munisanantoniosuch.com\/index.php?rest_route=\/wp\/v2\/posts"}],"about":[{"href":"https:\/\/munisanantoniosuch.com\/index.php?rest_route=\/wp\/v2\/types\/post"}],"author":[{"embeddable":true,"href":"https:\/\/munisanantoniosuch.com\/index.php?rest_route=\/wp\/v2\/users\/1"}],"replies":[{"embeddable":true,"href":"https:\/\/munisanantoniosuch.com\/index.php?rest_route=%2Fwp%2Fv2%2Fcomments&post=5195"}],"version-history":[{"count":1,"href":"https:\/\/munisanantoniosuch.com\/index.php?rest_route=\/wp\/v2\/posts\/5195\/revisions"}],"predecessor-version":[{"id":5196,"href":"https:\/\/munisanantoniosuch.com\/index.php?rest_route=\/wp\/v2\/posts\/5195\/revisions\/5196"}],"wp:featuredmedia":[{"embeddable":true,"href":"https:\/\/munisanantoniosuch.com\/index.php?rest_route=\/wp\/v2\/media\/5192"}],"wp:attachment":[{"href":"https:\/\/munisanantoniosuch.com\/index.php?rest_route=%2Fwp%2Fv2%2Fmedia&parent=5195"}],"wp:term":[{"taxonomy":"category","embeddable":true,"href":"https:\/\/munisanantoniosuch.com\/index.php?rest_route=%2Fwp%2Fv2%2Fcategories&post=5195"},{"taxonomy":"post_tag","embeddable":true,"href":"https:\/\/munisanantoniosuch.com\/index.php?rest_route=%2Fwp%2Fv2%2Ftags&post=5195"}],"curies":[{"name":"wp","href":"https:\/\/api.w.org\/{rel}","templated":true}]}}