{"id":5150,"date":"2025-03-25T09:39:31","date_gmt":"2025-03-25T15:39:31","guid":{"rendered":"https:\/\/munisanantoniosuch.com\/?p=5150"},"modified":"2025-04-21T11:40:29","modified_gmt":"2025-04-21T17:40:29","slug":"jornada-de-planificacion-familiar-y-medicina-general-en-el-edificio-del-comedor-social","status":"publish","type":"post","link":"https:\/\/munisanantoniosuch.com\/?p=5150","title":{"rendered":"Jornada de Planificaci\u00f3n Familiar y Medicina General en el edificio del Comedor Social"},"content":{"rendered":"<div class=\"xdj266r x11i5rnm xat24cr x1mh8g0r x1vvkbs x126k92a\">\n<div dir=\"auto\" style=\"text-align: justify;\">Este martes 25 de marzo se realiza una jornada de Planificaci\u00f3n Familiar y Medicina General, en la cl\u00ednica m\u00e9dica ubicada en el edificio del Comedor Social.<\/div>\n<\/div>\n<div class=\"x11i5rnm xat24cr x1mh8g0r x1vvkbs xtlvy1s x126k92a\">\n<div dir=\"auto\" style=\"text-align: justify;\">Esta actividad cuenta con la Organizaci\u00f3n del personal de la Direcci\u00f3n Municipal de la Mujer DMM, la colaboraci\u00f3n de la Organizaci\u00f3n &#8220;Alas de Guatemala&#8221; y el apoyo total del se\u00f1or Alcalde y Concejo.<\/div>\n<div dir=\"auto\"><\/div>\n<\/div>\n<div class=\"x11i5rnm xat24cr x1mh8g0r x1vvkbs xtlvy1s x126k92a\">\n<div dir=\"auto\" style=\"text-align: center;\"><strong>Administraci\u00f3n Municipal 2024-2028, un coraz\u00f3n para servir.<\/strong><\/div>\n<\/div>\n<p>&nbsp;<\/p>\n<p>&nbsp;<\/p>\n<p>&nbsp;<\/p>\n<div><\/div>\n","protected":false},"excerpt":{"rendered":"<p>Este martes 25 de marzo se realiza una jornada de Planificaci\u00f3n Familiar y Medicina General, en la cl\u00ednica m\u00e9dica ubicada en el edificio del Comedor Social. Esta actividad cuenta con la Organizaci\u00f3n del personal de la Direcci\u00f3n Municipal de la Mujer DMM, la colaboraci\u00f3n de la Organizaci\u00f3n &#8220;Alas de Guatemala&#8221; y el apoyo total del [&hellip;]<\/p>\n","protected":false},"author":1,"featured_media":5146,"comment_status":"closed","ping_status":"open","sticky":false,"template":"","format":"gallery","meta":{"footnotes":""},"categories":[182],"tags":[178],"class_list":["post-5150","post","type-post","status-publish","format-gallery","has-post-thumbnail","hentry","category-servicios-sociales","tag-portada","post_format-post-format-gallery"],"_links":{"self":[{"href":"https:\/\/munisanantoniosuch.com\/index.php?rest_route=\/wp\/v2\/posts\/5150","targetHints":{"allow":["GET"]}}],"collection":[{"href":"https:\/\/munisanantoniosuch.com\/index.php?rest_route=\/wp\/v2\/posts"}],"about":[{"href":"https:\/\/munisanantoniosuch.com\/index.php?rest_route=\/wp\/v2\/types\/post"}],"author":[{"embeddable":true,"href":"https:\/\/munisanantoniosuch.com\/index.php?rest_route=\/wp\/v2\/users\/1"}],"replies":[{"embeddable":true,"href":"https:\/\/munisanantoniosuch.com\/index.php?rest_route=%2Fwp%2Fv2%2Fcomments&post=5150"}],"version-history":[{"count":1,"href":"https:\/\/munisanantoniosuch.com\/index.php?rest_route=\/wp\/v2\/posts\/5150\/revisions"}],"predecessor-version":[{"id":5151,"href":"https:\/\/munisanantoniosuch.com\/index.php?rest_route=\/wp\/v2\/posts\/5150\/revisions\/5151"}],"wp:featuredmedia":[{"embeddable":true,"href":"https:\/\/munisanantoniosuch.com\/index.php?rest_route=\/wp\/v2\/media\/5146"}],"wp:attachment":[{"href":"https:\/\/munisanantoniosuch.com\/index.php?rest_route=%2Fwp%2Fv2%2Fmedia&parent=5150"}],"wp:term":[{"taxonomy":"category","embeddable":true,"href":"https:\/\/munisanantoniosuch.com\/index.php?rest_route=%2Fwp%2Fv2%2Fcategories&post=5150"},{"taxonomy":"post_tag","embeddable":true,"href":"https:\/\/munisanantoniosuch.com\/index.php?rest_route=%2Fwp%2Fv2%2Ftags&post=5150"}],"curies":[{"name":"wp","href":"https:\/\/api.w.org\/{rel}","templated":true}]}}