{"id":4835,"date":"2024-12-13T20:31:32","date_gmt":"2024-12-14T02:31:32","guid":{"rendered":"https:\/\/munisanantoniosuch.com\/?p=4835"},"modified":"2024-12-19T15:37:49","modified_gmt":"2024-12-19T21:37:49","slug":"clausura-de-las-academias-del-centro-de-arte-cultura-y-deporte-2","status":"publish","type":"post","link":"https:\/\/munisanantoniosuch.com\/?p=4835","title":{"rendered":"Clausura de las Academias del Centro de Arte, Cultura y Deporte"},"content":{"rendered":"<div class=\"html-div xdj266r x11i5rnm xat24cr x1mh8g0r xexx8yu x4uap5 x18d9i69 xkhd6sd\" dir=\"auto\">\n<div class=\"html-div xdj266r x11i5rnm xat24cr x1mh8g0r xexx8yu x4uap5 x18d9i69 xkhd6sd\" data-ad-rendering-role=\"story_message\">\n<div id=\":r1ns:\" class=\"x1l90r2v x1iorvi4 x1ye3gou xn6708d\" data-ad-comet-preview=\"message\" data-ad-preview=\"message\">\n<div class=\"x78zum5 xdt5ytf xz62fqu x16ldp7u\">\n<div class=\"xu06os2 x1ok221b\">\n<div class=\"xdj266r x11i5rnm xat24cr x1mh8g0r x1vvkbs x126k92a\">\n<div dir=\"auto\" style=\"text-align: justify;\">Este viernes 13 de diciembre se desarroll\u00f3 una actividad cultural, donde se le rindi\u00f3 homenaje al distinguido vecino tuneco Dr. Roberto Medina.<\/div>\n<\/div>\n<div class=\"x11i5rnm xat24cr x1mh8g0r x1vvkbs xtlvy1s x126k92a\" style=\"text-align: justify;\">\n<div dir=\"auto\">A la vez fue la clausura del presente ciclo lectivo, de las Academias del Centro de Arte, Cultura y Deporte:<\/div>\n<\/div>\n<div class=\"x11i5rnm xat24cr x1mh8g0r x1vvkbs xtlvy1s x126k92a\" style=\"text-align: justify;\">\n<div dir=\"auto\">-Exhibici\u00f3n de M\u00fasica.<\/div>\n<div dir=\"auto\">-Exhibici\u00f3n de Ajedrez.<\/div>\n<div dir=\"auto\">-Exhibici\u00f3n de Boxeo.<\/div>\n<\/div>\n<div class=\"x11i5rnm xat24cr x1mh8g0r x1vvkbs xtlvy1s x126k92a\">\n<div dir=\"auto\" style=\"text-align: justify;\">Esto gracias al apoyo del se\u00f1or Alcalde Mauricio Ovalle y Administraci\u00f3n Municipal.<\/div>\n<\/div>\n<\/div>\n<\/div>\n<\/div>\n<\/div>\n<\/div>\n<p>&nbsp;<\/p>\n<div><\/div>\n<p>&nbsp;<\/p>\n<p>&nbsp;<\/p>\n<p><a href=\"https:\/\/www.facebook.com\/photo\/?fbid=1122755326526597&amp;set=pcb.1122756823193114\"><img loading=\"lazy\" decoding=\"async\" class=\"alignnone wp-image-4836 size-full\" title=\"Ver galer\u00eda en Facebook\" src=\"https:\/\/munisanantoniosuch.com\/wp-content\/uploads\/2024\/12\/galeria.jpg\" alt=\"\" width=\"215\" height=\"71\" \/><\/a><\/p>\n<p>&nbsp;<\/p>\n<p><a href=\"https:\/\/www.facebook.com\/100063764192592\/videos\/595484902976615\/?__cft__[0]=AZWzHEZqIJAarTvcUjjMnqLAUvVMg_QGfyytP05a5S-iqulHRHnIN7wwGkb6aY4ktycWB3wZ4SxvRl3aL-tRg6iFLdtup6s5vo0jnFAxOEH0QeqmBBN9QtIupoVB3ozjaoofh93d3nj_BAwhWF8we_igK4IyxR7pHqxozmUc0fDrKLtBD3_QvG5SavplKyH9OyKpYFR4EFXJ7vwwgN3U0E-Z&amp;__tn__=%2CO%2CP-R\"><img loading=\"lazy\" decoding=\"async\" class=\"alignnone wp-image-4837 size-medium\" title=\"Ver video en Facebook\" src=\"https:\/\/munisanantoniosuch.com\/wp-content\/uploads\/2024\/12\/0-3-300x200.jpg\" alt=\"\" width=\"300\" height=\"200\" srcset=\"https:\/\/munisanantoniosuch.com\/wp-content\/uploads\/2024\/12\/0-3-300x200.jpg 300w, https:\/\/munisanantoniosuch.com\/wp-content\/uploads\/2024\/12\/0-3-768x512.jpg 768w, https:\/\/munisanantoniosuch.com\/wp-content\/uploads\/2024\/12\/0-3.jpg 900w\" sizes=\"auto, (max-width: 300px) 100vw, 300px\" \/><\/a><\/p>\n","protected":false},"excerpt":{"rendered":"<p>Este viernes 13 de diciembre se desarroll\u00f3 una actividad cultural, donde se le rindi\u00f3 homenaje al distinguido vecino tuneco Dr. Roberto Medina. A la vez fue la clausura del presente ciclo lectivo, de las Academias del Centro de Arte, Cultura y Deporte: -Exhibici\u00f3n de M\u00fasica. -Exhibici\u00f3n de Ajedrez. -Exhibici\u00f3n de Boxeo. Esto gracias al apoyo [&hellip;]<\/p>\n","protected":false},"author":1,"featured_media":4838,"comment_status":"closed","ping_status":"open","sticky":false,"template":"","format":"gallery","meta":{"footnotes":""},"categories":[183,2],"tags":[178],"class_list":["post-4835","post","type-post","status-publish","format-gallery","has-post-thumbnail","hentry","category-desarrollo-social","category-educacion-y-cultura","tag-portada","post_format-post-format-gallery"],"_links":{"self":[{"href":"https:\/\/munisanantoniosuch.com\/index.php?rest_route=\/wp\/v2\/posts\/4835","targetHints":{"allow":["GET"]}}],"collection":[{"href":"https:\/\/munisanantoniosuch.com\/index.php?rest_route=\/wp\/v2\/posts"}],"about":[{"href":"https:\/\/munisanantoniosuch.com\/index.php?rest_route=\/wp\/v2\/types\/post"}],"author":[{"embeddable":true,"href":"https:\/\/munisanantoniosuch.com\/index.php?rest_route=\/wp\/v2\/users\/1"}],"replies":[{"embeddable":true,"href":"https:\/\/munisanantoniosuch.com\/index.php?rest_route=%2Fwp%2Fv2%2Fcomments&post=4835"}],"version-history":[{"count":1,"href":"https:\/\/munisanantoniosuch.com\/index.php?rest_route=\/wp\/v2\/posts\/4835\/revisions"}],"predecessor-version":[{"id":4839,"href":"https:\/\/munisanantoniosuch.com\/index.php?rest_route=\/wp\/v2\/posts\/4835\/revisions\/4839"}],"wp:featuredmedia":[{"embeddable":true,"href":"https:\/\/munisanantoniosuch.com\/index.php?rest_route=\/wp\/v2\/media\/4838"}],"wp:attachment":[{"href":"https:\/\/munisanantoniosuch.com\/index.php?rest_route=%2Fwp%2Fv2%2Fmedia&parent=4835"}],"wp:term":[{"taxonomy":"category","embeddable":true,"href":"https:\/\/munisanantoniosuch.com\/index.php?rest_route=%2Fwp%2Fv2%2Fcategories&post=4835"},{"taxonomy":"post_tag","embeddable":true,"href":"https:\/\/munisanantoniosuch.com\/index.php?rest_route=%2Fwp%2Fv2%2Ftags&post=4835"}],"curies":[{"name":"wp","href":"https:\/\/api.w.org\/{rel}","templated":true}]}}