{"id":4720,"date":"2024-11-06T12:15:33","date_gmt":"2024-11-06T18:15:33","guid":{"rendered":"https:\/\/munisanantoniosuch.com\/?p=4720"},"modified":"2024-11-09T10:41:29","modified_gmt":"2024-11-09T16:41:29","slug":"1ra-piedra-que-marcara-el-inicio-de-la-construccion-de-cuatro-aulas-y-asi-mejorar-el-servicio-educativo","status":"publish","type":"post","link":"https:\/\/munisanantoniosuch.com\/?p=4720","title":{"rendered":"1ra piedra que marcar\u00e1 el inicio de la construcci\u00f3n de cuatro aulas, y as\u00ed mejorar el servicio Educativo"},"content":{"rendered":"<div class=\"html-div xdj266r x11i5rnm xat24cr x1mh8g0r xexx8yu x4uap5 x18d9i69 xkhd6sd\" dir=\"auto\">\n<div class=\"html-div xdj266r x11i5rnm xat24cr x1mh8g0r xexx8yu x4uap5 x18d9i69 xkhd6sd\" data-ad-rendering-role=\"message\">\n<div id=\":r4v:\" class=\"x1l90r2v x1pi30zi x1swvt13 x1iorvi4\" data-ad-comet-preview=\"message\" data-ad-preview=\"message\">\n<div class=\"x78zum5 xdt5ytf xz62fqu x16ldp7u\">\n<div class=\"xu06os2 x1ok221b\">\n<div class=\"xdj266r x11i5rnm xat24cr x1mh8g0r x1vvkbs x126k92a\">\n<div dir=\"auto\">Siguiendo con la visi\u00f3n puesta en la Educaci\u00f3n de San Antonio Suchitep\u00e9quez, el se\u00f1or: alcalde Mauricio Ovalle y autoridades Educativas se apersonaron hoy a la escuela de Margaritas del Rosario sector 3.<\/div>\n<div dir=\"auto\">El objetivo principal es colocar la 1ra piedra que marcar\u00e1 el inicio de la construcci\u00f3n de cuatro aulas, y as\u00ed mejorar el servicio Educativo del lugar.<\/div>\n<div dir=\"auto\"><\/div>\n<div dir=\"auto\">administraci\u00f3n 2024 &#8211; 2028 Un Coraz\u00f3n Para Servir.<\/div>\n<\/div>\n<\/div>\n<\/div>\n<\/div>\n<\/div>\n<\/div>\n<p>&nbsp;<\/p>\n<p>&nbsp;<\/p>\n<div><\/div>\n","protected":false},"excerpt":{"rendered":"<p>Siguiendo con la visi\u00f3n puesta en la Educaci\u00f3n de San Antonio Suchitep\u00e9quez, el se\u00f1or: alcalde Mauricio Ovalle y autoridades Educativas se apersonaron hoy a la escuela de Margaritas del Rosario sector 3. El objetivo principal es colocar la 1ra piedra que marcar\u00e1 el inicio de la construcci\u00f3n de cuatro aulas, y as\u00ed mejorar el servicio [&hellip;]<\/p>\n","protected":false},"author":1,"featured_media":4715,"comment_status":"closed","ping_status":"open","sticky":false,"template":"","format":"gallery","meta":{"footnotes":""},"categories":[2,196],"tags":[178],"class_list":["post-4720","post","type-post","status-publish","format-gallery","has-post-thumbnail","hentry","category-educacion-y-cultura","category-infraestructura","tag-portada","post_format-post-format-gallery"],"_links":{"self":[{"href":"https:\/\/munisanantoniosuch.com\/index.php?rest_route=\/wp\/v2\/posts\/4720","targetHints":{"allow":["GET"]}}],"collection":[{"href":"https:\/\/munisanantoniosuch.com\/index.php?rest_route=\/wp\/v2\/posts"}],"about":[{"href":"https:\/\/munisanantoniosuch.com\/index.php?rest_route=\/wp\/v2\/types\/post"}],"author":[{"embeddable":true,"href":"https:\/\/munisanantoniosuch.com\/index.php?rest_route=\/wp\/v2\/users\/1"}],"replies":[{"embeddable":true,"href":"https:\/\/munisanantoniosuch.com\/index.php?rest_route=%2Fwp%2Fv2%2Fcomments&post=4720"}],"version-history":[{"count":1,"href":"https:\/\/munisanantoniosuch.com\/index.php?rest_route=\/wp\/v2\/posts\/4720\/revisions"}],"predecessor-version":[{"id":4721,"href":"https:\/\/munisanantoniosuch.com\/index.php?rest_route=\/wp\/v2\/posts\/4720\/revisions\/4721"}],"wp:featuredmedia":[{"embeddable":true,"href":"https:\/\/munisanantoniosuch.com\/index.php?rest_route=\/wp\/v2\/media\/4715"}],"wp:attachment":[{"href":"https:\/\/munisanantoniosuch.com\/index.php?rest_route=%2Fwp%2Fv2%2Fmedia&parent=4720"}],"wp:term":[{"taxonomy":"category","embeddable":true,"href":"https:\/\/munisanantoniosuch.com\/index.php?rest_route=%2Fwp%2Fv2%2Fcategories&post=4720"},{"taxonomy":"post_tag","embeddable":true,"href":"https:\/\/munisanantoniosuch.com\/index.php?rest_route=%2Fwp%2Fv2%2Ftags&post=4720"}],"curies":[{"name":"wp","href":"https:\/\/api.w.org\/{rel}","templated":true}]}}