{"id":4703,"date":"2024-10-31T09:21:58","date_gmt":"2024-10-31T15:21:58","guid":{"rendered":"https:\/\/munisanantoniosuch.com\/?p=4703"},"modified":"2024-11-05T17:09:48","modified_gmt":"2024-11-05T23:09:48","slug":"feria-del-empleo-en-el-parque-central-de-san-antonio-suchitepequez","status":"publish","type":"post","link":"https:\/\/munisanantoniosuch.com\/?p=4703","title":{"rendered":"Feria del empleo en el parque central de San Antonio Suchitep\u00e9quez"},"content":{"rendered":"<div class=\"x11i5rnm xat24cr x1mh8g0r x1vvkbs xtlvy1s x126k92a\">\n<div dir=\"auto\" style=\"text-align: justify;\">Auspiciada por Municipalidad de San Antonio Suchitep\u00e9quez e Ingenio Palo Gordo s\u00e9 parte del movimiento econ\u00f3mico de nuestra regi\u00f3n te esperamos de 8:00 am, a 13:00 pm de la tarde con los brazos abiertos<\/div>\n<div dir=\"auto\" style=\"text-align: justify;\"><\/div>\n<\/div>\n<div class=\"x11i5rnm xat24cr x1mh8g0r x1vvkbs xtlvy1s x126k92a\">\n<div dir=\"auto\" style=\"text-align: justify;\">Para m\u00e1s Informaci\u00f3n:<\/div>\n<div dir=\"auto\" style=\"text-align: justify;\"><span class=\"html-span xexx8yu x4uap5 x18d9i69 xkhd6sd x1hl2dhg x16tdsg8 x1vvkbs x3nfvp2 x1j61x8r x1fcty0u xdj266r xat24cr xgzva0m xhhsvwb xxymvpz xlup9mm x1kky2od\"><img loading=\"lazy\" decoding=\"async\" class=\"xz74otr\" src=\"https:\/\/static.xx.fbcdn.net\/images\/emoji.php\/v9\/t4d\/1\/16\/1f4de.png\" alt=\"\ud83d\udcde\" width=\"16\" height=\"16\" \/><\/span>7873 1067 <span class=\"html-span xexx8yu x4uap5 x18d9i69 xkhd6sd x1hl2dhg x16tdsg8 x1vvkbs x3nfvp2 x1j61x8r x1fcty0u xdj266r xat24cr xgzva0m xhhsvwb xxymvpz xlup9mm x1kky2od\"><img loading=\"lazy\" decoding=\"async\" class=\"xz74otr\" src=\"https:\/\/static.xx.fbcdn.net\/images\/emoji.php\/v9\/t57\/1\/16\/1f4f1.png\" alt=\"\ud83d\udcf1\" width=\"16\" height=\"16\" \/><\/span> 5411 4853<\/div>\n<\/div>\n<p>&nbsp;<\/p>\n<p><a href=\"https:\/\/www.facebook.com\/100063764192592\/videos\/535123472765792\/?__cft__[0]=AZXu2UT-AVpOiu3PVEGUILi9NDDCNSzVqvR6txAa-sSuMQnHA0HO7yTawNeOOkSJfLOJGtltVLOHNa3byyVqG-khaLBUEWkEQ814wmvgc2gxZAAF6FwcSCDxL-e3ljCzKCWmsUMGvS81Dp4GxiMctJbVZ44F5486kntiTHGrV6HvsnKAlEwCHKmAD71qC_4kV-lTd818BbRhwbnH3whGgAgL&amp;__tn__=%2CO%2CP-R\"><img loading=\"lazy\" decoding=\"async\" class=\"alignnone wp-image-4704 size-full\" title=\"Ver video en Facebook\" src=\"https:\/\/munisanantoniosuch.com\/wp-content\/uploads\/2024\/11\/01-1.jpg\" alt=\"\" width=\"900\" height=\"600\" srcset=\"https:\/\/munisanantoniosuch.com\/wp-content\/uploads\/2024\/11\/01-1.jpg 900w, https:\/\/munisanantoniosuch.com\/wp-content\/uploads\/2024\/11\/01-1-300x200.jpg 300w, https:\/\/munisanantoniosuch.com\/wp-content\/uploads\/2024\/11\/01-1-768x512.jpg 768w\" sizes=\"auto, (max-width: 900px) 100vw, 900px\" \/><\/a><\/p>\n","protected":false},"excerpt":{"rendered":"<p>Auspiciada por Municipalidad de San Antonio Suchitep\u00e9quez e Ingenio Palo Gordo s\u00e9 parte del movimiento econ\u00f3mico de nuestra regi\u00f3n te esperamos de 8:00 am, a 13:00 pm de la tarde con los brazos abiertos Para m\u00e1s Informaci\u00f3n: 7873 1067 5411 4853 &nbsp;<\/p>\n","protected":false},"author":1,"featured_media":4705,"comment_status":"closed","ping_status":"open","sticky":false,"template":"","format":"standard","meta":{"footnotes":""},"categories":[7],"tags":[178],"class_list":["post-4703","post","type-post","status-publish","format-standard","has-post-thumbnail","hentry","category-fomento-a-la-economia","tag-portada"],"_links":{"self":[{"href":"https:\/\/munisanantoniosuch.com\/index.php?rest_route=\/wp\/v2\/posts\/4703","targetHints":{"allow":["GET"]}}],"collection":[{"href":"https:\/\/munisanantoniosuch.com\/index.php?rest_route=\/wp\/v2\/posts"}],"about":[{"href":"https:\/\/munisanantoniosuch.com\/index.php?rest_route=\/wp\/v2\/types\/post"}],"author":[{"embeddable":true,"href":"https:\/\/munisanantoniosuch.com\/index.php?rest_route=\/wp\/v2\/users\/1"}],"replies":[{"embeddable":true,"href":"https:\/\/munisanantoniosuch.com\/index.php?rest_route=%2Fwp%2Fv2%2Fcomments&post=4703"}],"version-history":[{"count":1,"href":"https:\/\/munisanantoniosuch.com\/index.php?rest_route=\/wp\/v2\/posts\/4703\/revisions"}],"predecessor-version":[{"id":4706,"href":"https:\/\/munisanantoniosuch.com\/index.php?rest_route=\/wp\/v2\/posts\/4703\/revisions\/4706"}],"wp:featuredmedia":[{"embeddable":true,"href":"https:\/\/munisanantoniosuch.com\/index.php?rest_route=\/wp\/v2\/media\/4705"}],"wp:attachment":[{"href":"https:\/\/munisanantoniosuch.com\/index.php?rest_route=%2Fwp%2Fv2%2Fmedia&parent=4703"}],"wp:term":[{"taxonomy":"category","embeddable":true,"href":"https:\/\/munisanantoniosuch.com\/index.php?rest_route=%2Fwp%2Fv2%2Fcategories&post=4703"},{"taxonomy":"post_tag","embeddable":true,"href":"https:\/\/munisanantoniosuch.com\/index.php?rest_route=%2Fwp%2Fv2%2Ftags&post=4703"}],"curies":[{"name":"wp","href":"https:\/\/api.w.org\/{rel}","templated":true}]}}