{"id":2545,"date":"2022-09-15T23:03:38","date_gmt":"2022-09-16T05:03:38","guid":{"rendered":"https:\/\/munisanantoniosuch.com\/?p=2545"},"modified":"2022-09-21T10:52:11","modified_gmt":"2022-09-21T16:52:11","slug":"caminata-civica-2022","status":"publish","type":"post","link":"https:\/\/munisanantoniosuch.com\/?p=2545","title":{"rendered":"Caminata C\u00edvica del Nivel Medio 2022"},"content":{"rendered":"<div class=\"\" dir=\"auto\">\n<div id=\"jsc_c_38w\" class=\"d2hqwtrz r227ecj6 ez8dtbzv gt60zsk1\" data-ad-comet-preview=\"message\" data-ad-preview=\"message\">\n<div class=\"alzwoclg cqf1kptm siwo0mpr gu5uzgus\">\n<div class=\"jroqu855 nthtkgg5\">\n<div class=\"m8h3af8h l7ghb35v kjdc1dyq kmwttqpk gh25dzvf n3t5jt4f\">\n<div dir=\"auto\">Caminata C\u00edvica del Nivel Medio, Ciclo B\u00e1sico y Diversificado de la ciudad de San Antonio Suchitep\u00e9quez.<\/div>\n<\/div>\n<div class=\"l7ghb35v kjdc1dyq kmwttqpk gh25dzvf jikcssrz n3t5jt4f\">\n<div dir=\"auto\">En conmemoraci\u00f3n del aniversario 201 de Independencia.<\/div>\n<\/div>\n<\/div>\n<\/div>\n<\/div>\n<\/div>\n<p>&nbsp;<\/p>\n<div>\n\n<p>&nbsp;<\/p>\n<p><a href=\"https:\/\/www.facebook.com\/100063488593214\/videos\/1221120715403255\/?__cft__[0]=AZWJRhp4FS7IgigR1dRlRQzIpy-VaAW4rZbFTm9NkYXyHQZMicIXin8VYcsiGc-TlL44ob9ZWlgky7_adk7Xh3v8_dMRBFqDH6s0SOge4lL004FiRM6sQTeXISaT48taIIqAXwVE3gRQjgpN2-JVmMg7slvQ2_7vSjF_o08Vfg5rWdnZLOxola3Q0Gw_uuTDulc&amp;__tn__=%2CO%2CP-R\"><img loading=\"lazy\" decoding=\"async\" class=\"alignnone wp-image-2546 size-medium\" title=\"Ver video en Facebook\" src=\"https:\/\/munisanantoniosuch.com\/wp-content\/uploads\/2022\/09\/0-300x200.jpg\" alt=\"\" width=\"300\" height=\"200\" srcset=\"https:\/\/munisanantoniosuch.com\/wp-content\/uploads\/2022\/09\/0-300x200.jpg 300w, https:\/\/munisanantoniosuch.com\/wp-content\/uploads\/2022\/09\/0-768x512.jpg 768w, https:\/\/munisanantoniosuch.com\/wp-content\/uploads\/2022\/09\/0.jpg 900w\" sizes=\"auto, (max-width: 300px) 100vw, 300px\" \/><\/a><\/p>\n<\/div>\n","protected":false},"excerpt":{"rendered":"<p>Caminata C\u00edvica del Nivel Medio, Ciclo B\u00e1sico y Diversificado de la ciudad de San Antonio Suchitep\u00e9quez. En conmemoraci\u00f3n del aniversario 201 de Independencia. &nbsp; &nbsp;<\/p>\n","protected":false},"author":1,"featured_media":2533,"comment_status":"closed","ping_status":"open","sticky":false,"template":"","format":"video","meta":{"footnotes":""},"categories":[2],"tags":[178],"class_list":["post-2545","post","type-post","status-publish","format-video","has-post-thumbnail","hentry","category-educacion-y-cultura","tag-portada","post_format-post-format-video"],"_links":{"self":[{"href":"https:\/\/munisanantoniosuch.com\/index.php?rest_route=\/wp\/v2\/posts\/2545","targetHints":{"allow":["GET"]}}],"collection":[{"href":"https:\/\/munisanantoniosuch.com\/index.php?rest_route=\/wp\/v2\/posts"}],"about":[{"href":"https:\/\/munisanantoniosuch.com\/index.php?rest_route=\/wp\/v2\/types\/post"}],"author":[{"embeddable":true,"href":"https:\/\/munisanantoniosuch.com\/index.php?rest_route=\/wp\/v2\/users\/1"}],"replies":[{"embeddable":true,"href":"https:\/\/munisanantoniosuch.com\/index.php?rest_route=%2Fwp%2Fv2%2Fcomments&post=2545"}],"version-history":[{"count":5,"href":"https:\/\/munisanantoniosuch.com\/index.php?rest_route=\/wp\/v2\/posts\/2545\/revisions"}],"predecessor-version":[{"id":2583,"href":"https:\/\/munisanantoniosuch.com\/index.php?rest_route=\/wp\/v2\/posts\/2545\/revisions\/2583"}],"wp:featuredmedia":[{"embeddable":true,"href":"https:\/\/munisanantoniosuch.com\/index.php?rest_route=\/wp\/v2\/media\/2533"}],"wp:attachment":[{"href":"https:\/\/munisanantoniosuch.com\/index.php?rest_route=%2Fwp%2Fv2%2Fmedia&parent=2545"}],"wp:term":[{"taxonomy":"category","embeddable":true,"href":"https:\/\/munisanantoniosuch.com\/index.php?rest_route=%2Fwp%2Fv2%2Fcategories&post=2545"},{"taxonomy":"post_tag","embeddable":true,"href":"https:\/\/munisanantoniosuch.com\/index.php?rest_route=%2Fwp%2Fv2%2Ftags&post=2545"}],"curies":[{"name":"wp","href":"https:\/\/api.w.org\/{rel}","templated":true}]}}