{"id":1863,"date":"2019-08-28T12:22:54","date_gmt":"2019-08-28T18:22:54","guid":{"rendered":"http:\/\/munisanantoniosuch.com\/?p=1863"},"modified":"2019-09-12T15:27:40","modified_gmt":"2019-09-12T21:27:40","slug":"feria-forestal-infantil","status":"publish","type":"post","link":"https:\/\/munisanantoniosuch.com\/?p=1863","title":{"rendered":"Feria Forestal Infantil"},"content":{"rendered":"<p style=\"text-align: justify;\">Con la presencia de alumnos de distintos centros educativos se realiz\u00f3 este 28 de agosto, la &#8220;Feria Forestal Infantil&#8221;.<\/p>\n<p style=\"text-align: justify;\">La actividad fue promovida por &#8220;INAB&#8221; y apoyada por Municipalidad de San Antonio Suchitep\u00e9quez. Se desarroll\u00f3 en el gimnasio municipal y asistieron los alumnos del colegio Einstein y escuela de Concepci\u00f3n Ixtacapa.<\/p>\n<div><\/div>\n<p>&nbsp;<\/p>\n<p><a href=\"https:\/\/www.facebook.com\/pg\/Canal-Tunevisi%C3%B3n-187771838388162\/photos\/?tab=album&amp;album_id=675707439594597&amp;__xts__%5B0%5D=68.ARDd4dLDcnKeyJkhdT7RvkDPaE2hfAVJnZBgbQ_9nKohmU2N5FmnkDDVggBD0Ivt5rnK4OqdYIY-RUJpiHhlY_zKqg6_H4x7T0HjeIPbmFuc1FuvW-2zz1sKgKrz9o5k-6_bIfLVjkbz_OmEGlDVXl8T57MMsLPQXo2XDiEzMld8BK23zZmyXVnep3oCeE_4xuQbahPlvPekpRZVtVWWGakIrrLBjOYm2MeqnMabmiMzwAqeqlbqRJfRDJbhi4kXKx1YXvN8VZaEhftg9paG0tfd77pUU4o23QwHJFutZ8a31_44gotewHiyqjDuL5k8BBya1SXYoCNANVdCjcdGzGSKMw--0UjOcQisX2fy8pN9PQghXXpc8hasRVC6CBNy70JRzKs-epsXDnZgWfThuR5VpKN9AOEXoRYE-HeAonoUKYVdlfte4DjT542PMvE-wD6Y_W_f0XnQseOPyw&amp;__tn__=-UC-R\" target=\"_blank\" rel=\"opener noopener\"><img loading=\"lazy\" decoding=\"async\" class=\"alignnone wp-image-545 size-full\" title=\"Ver galer\u00eda en Facebook\" src=\"http:\/\/munisanantoniosuch.com\/wp-content\/uploads\/2017\/09\/boton-galeria_fotos.jpg\" alt=\"\" width=\"215\" height=\"215\" srcset=\"https:\/\/munisanantoniosuch.com\/wp-content\/uploads\/2017\/09\/boton-galeria_fotos.jpg 215w, https:\/\/munisanantoniosuch.com\/wp-content\/uploads\/2017\/09\/boton-galeria_fotos-150x150.jpg 150w, https:\/\/munisanantoniosuch.com\/wp-content\/uploads\/2017\/09\/boton-galeria_fotos-80x80.jpg 80w\" sizes=\"auto, (max-width: 215px) 100vw, 215px\" \/><\/a><\/p>\n","protected":false},"excerpt":{"rendered":"<p>Con la presencia de alumnos de distintos centros educativos se realiz\u00f3 este 28 de agosto, la &#8220;Feria Forestal Infantil&#8221;. La actividad fue promovida por &#8220;INAB&#8221; y apoyada por Municipalidad de San Antonio Suchitep\u00e9quez. Se desarroll\u00f3 en el gimnasio municipal y asistieron los alumnos del colegio Einstein y escuela de Concepci\u00f3n Ixtacapa. &nbsp;<\/p>\n","protected":false},"author":1,"featured_media":1857,"comment_status":"open","ping_status":"open","sticky":false,"template":"","format":"gallery","meta":{"footnotes":""},"categories":[6],"tags":[178],"class_list":["post-1863","post","type-post","status-publish","format-gallery","has-post-thumbnail","hentry","category-medio-ambiente","tag-portada","post_format-post-format-gallery"],"_links":{"self":[{"href":"https:\/\/munisanantoniosuch.com\/index.php?rest_route=\/wp\/v2\/posts\/1863","targetHints":{"allow":["GET"]}}],"collection":[{"href":"https:\/\/munisanantoniosuch.com\/index.php?rest_route=\/wp\/v2\/posts"}],"about":[{"href":"https:\/\/munisanantoniosuch.com\/index.php?rest_route=\/wp\/v2\/types\/post"}],"author":[{"embeddable":true,"href":"https:\/\/munisanantoniosuch.com\/index.php?rest_route=\/wp\/v2\/users\/1"}],"replies":[{"embeddable":true,"href":"https:\/\/munisanantoniosuch.com\/index.php?rest_route=%2Fwp%2Fv2%2Fcomments&post=1863"}],"version-history":[{"count":1,"href":"https:\/\/munisanantoniosuch.com\/index.php?rest_route=\/wp\/v2\/posts\/1863\/revisions"}],"predecessor-version":[{"id":1864,"href":"https:\/\/munisanantoniosuch.com\/index.php?rest_route=\/wp\/v2\/posts\/1863\/revisions\/1864"}],"wp:featuredmedia":[{"embeddable":true,"href":"https:\/\/munisanantoniosuch.com\/index.php?rest_route=\/wp\/v2\/media\/1857"}],"wp:attachment":[{"href":"https:\/\/munisanantoniosuch.com\/index.php?rest_route=%2Fwp%2Fv2%2Fmedia&parent=1863"}],"wp:term":[{"taxonomy":"category","embeddable":true,"href":"https:\/\/munisanantoniosuch.com\/index.php?rest_route=%2Fwp%2Fv2%2Fcategories&post=1863"},{"taxonomy":"post_tag","embeddable":true,"href":"https:\/\/munisanantoniosuch.com\/index.php?rest_route=%2Fwp%2Fv2%2Ftags&post=1863"}],"curies":[{"name":"wp","href":"https:\/\/api.w.org\/{rel}","templated":true}]}}