{"id":1850,"date":"2019-09-02T18:00:01","date_gmt":"2019-09-03T00:00:01","guid":{"rendered":"http:\/\/munisanantoniosuch.com\/?p=1850"},"modified":"2019-09-12T13:01:28","modified_gmt":"2019-09-12T19:01:28","slug":"xi-festival-socio-cultural-nivel-departamental","status":"publish","type":"post","link":"https:\/\/munisanantoniosuch.com\/?p=1850","title":{"rendered":"XI Festival Socio Cultural a Nivel Departamental"},"content":{"rendered":"<p style=\"text-align: justify;\">San Antonio Suchitep\u00e9quez est\u00e1 siendo sede del &#8220;XI Festival Socio Cultural a Nivel Departamental&#8221;, inaugurado este d\u00eda lunes 02 de septiembre, continuando el martes y finalizando el mi\u00e9rcoles 04 del presente mes.<\/p>\n<p style=\"text-align: justify;\">En este festival se dan cita alumnos que fueron ganadores en su municipio, en los niveles de Pre-primaria, Nivel Primario Ciclo I (primero, segundo y tercero), Nivel Primario Ciclo II (cuarto, quinto y sexto) y Nivel Medio (b\u00e1sico y diversificado).<\/p>\n<p style=\"text-align: justify;\">Las ramas en las que tienen participaci\u00f3n son las siguientes: Baile Coreogr\u00e1fico con Marimba (Sal\u00f3n, Esc. Para Ni\u00f1as e IPROFE), Danzas Folkl\u00f3ricas (Gimnasio Municipal), Declamaci\u00f3n (Escuela de Varones No. 2), Oratoria (Escuela de Caser\u00edo Santa Fe), Canci\u00f3n Guatemalteca (Col. Americano) y Dibujo (Esc. de F\u00edsica).<\/p>\n<p style=\"text-align: justify;\">Se destaca que est\u00e1 es la primera vez que se realiza el festival fuera de Mazatenango.<\/p>\n<div><\/div>\n","protected":false},"excerpt":{"rendered":"<p>San Antonio Suchitep\u00e9quez est\u00e1 siendo sede del &#8220;XI Festival Socio Cultural a Nivel Departamental&#8221;, inaugurado este d\u00eda lunes 02 de septiembre, continuando el martes y finalizando el mi\u00e9rcoles 04 del presente mes. En este festival se dan cita alumnos que fueron ganadores en su municipio, en los niveles de Pre-primaria, Nivel Primario Ciclo I (primero, [&hellip;]<\/p>\n","protected":false},"author":1,"featured_media":1847,"comment_status":"open","ping_status":"open","sticky":false,"template":"","format":"gallery","meta":{"footnotes":""},"categories":[2],"tags":[178],"class_list":["post-1850","post","type-post","status-publish","format-gallery","has-post-thumbnail","hentry","category-educacion-y-cultura","tag-portada","post_format-post-format-gallery"],"_links":{"self":[{"href":"https:\/\/munisanantoniosuch.com\/index.php?rest_route=\/wp\/v2\/posts\/1850","targetHints":{"allow":["GET"]}}],"collection":[{"href":"https:\/\/munisanantoniosuch.com\/index.php?rest_route=\/wp\/v2\/posts"}],"about":[{"href":"https:\/\/munisanantoniosuch.com\/index.php?rest_route=\/wp\/v2\/types\/post"}],"author":[{"embeddable":true,"href":"https:\/\/munisanantoniosuch.com\/index.php?rest_route=\/wp\/v2\/users\/1"}],"replies":[{"embeddable":true,"href":"https:\/\/munisanantoniosuch.com\/index.php?rest_route=%2Fwp%2Fv2%2Fcomments&post=1850"}],"version-history":[{"count":1,"href":"https:\/\/munisanantoniosuch.com\/index.php?rest_route=\/wp\/v2\/posts\/1850\/revisions"}],"predecessor-version":[{"id":1851,"href":"https:\/\/munisanantoniosuch.com\/index.php?rest_route=\/wp\/v2\/posts\/1850\/revisions\/1851"}],"wp:featuredmedia":[{"embeddable":true,"href":"https:\/\/munisanantoniosuch.com\/index.php?rest_route=\/wp\/v2\/media\/1847"}],"wp:attachment":[{"href":"https:\/\/munisanantoniosuch.com\/index.php?rest_route=%2Fwp%2Fv2%2Fmedia&parent=1850"}],"wp:term":[{"taxonomy":"category","embeddable":true,"href":"https:\/\/munisanantoniosuch.com\/index.php?rest_route=%2Fwp%2Fv2%2Fcategories&post=1850"},{"taxonomy":"post_tag","embeddable":true,"href":"https:\/\/munisanantoniosuch.com\/index.php?rest_route=%2Fwp%2Fv2%2Ftags&post=1850"}],"curies":[{"name":"wp","href":"https:\/\/api.w.org\/{rel}","templated":true}]}}