{"id":1785,"date":"2019-08-21T11:12:57","date_gmt":"2019-08-21T17:12:57","guid":{"rendered":"http:\/\/munisanantoniosuch.com\/?p=1785"},"modified":"2019-08-21T12:32:09","modified_gmt":"2019-08-21T18:32:09","slug":"xi-festival-cultural-de-baile-con-marimba","status":"publish","type":"post","link":"https:\/\/munisanantoniosuch.com\/?p=1785","title":{"rendered":"XI Festival Cultural de &#8220;Baile con Marimba&#8221;."},"content":{"rendered":"<p style=\"text-align: justify;\">El sal\u00f3n municipal de la ciudad de San Antonio Suchitep\u00e9quez, fue el marco perfecto para realizar el XI Festival Cultural de &#8220;Baile con Marimba&#8221;.<\/p>\n<p style=\"text-align: justify;\">Este como todos los a\u00f1os, cont\u00f3 con la participaci\u00f3n de representantes de distintos centros educativos de nuestra ciudad.<\/p>\n<div><\/div>\n","protected":false},"excerpt":{"rendered":"<p>El sal\u00f3n municipal de la ciudad de San Antonio Suchitep\u00e9quez, fue el marco perfecto para realizar el XI Festival Cultural de &#8220;Baile con Marimba&#8221;. Este como todos los a\u00f1os, cont\u00f3 con la participaci\u00f3n de representantes de distintos centros educativos de nuestra ciudad.<\/p>\n","protected":false},"author":1,"featured_media":1779,"comment_status":"open","ping_status":"open","sticky":false,"template":"","format":"gallery","meta":{"footnotes":""},"categories":[183,2],"tags":[178],"class_list":["post-1785","post","type-post","status-publish","format-gallery","has-post-thumbnail","hentry","category-desarrollo-social","category-educacion-y-cultura","tag-portada","post_format-post-format-gallery"],"_links":{"self":[{"href":"https:\/\/munisanantoniosuch.com\/index.php?rest_route=\/wp\/v2\/posts\/1785","targetHints":{"allow":["GET"]}}],"collection":[{"href":"https:\/\/munisanantoniosuch.com\/index.php?rest_route=\/wp\/v2\/posts"}],"about":[{"href":"https:\/\/munisanantoniosuch.com\/index.php?rest_route=\/wp\/v2\/types\/post"}],"author":[{"embeddable":true,"href":"https:\/\/munisanantoniosuch.com\/index.php?rest_route=\/wp\/v2\/users\/1"}],"replies":[{"embeddable":true,"href":"https:\/\/munisanantoniosuch.com\/index.php?rest_route=%2Fwp%2Fv2%2Fcomments&post=1785"}],"version-history":[{"count":1,"href":"https:\/\/munisanantoniosuch.com\/index.php?rest_route=\/wp\/v2\/posts\/1785\/revisions"}],"predecessor-version":[{"id":1786,"href":"https:\/\/munisanantoniosuch.com\/index.php?rest_route=\/wp\/v2\/posts\/1785\/revisions\/1786"}],"wp:featuredmedia":[{"embeddable":true,"href":"https:\/\/munisanantoniosuch.com\/index.php?rest_route=\/wp\/v2\/media\/1779"}],"wp:attachment":[{"href":"https:\/\/munisanantoniosuch.com\/index.php?rest_route=%2Fwp%2Fv2%2Fmedia&parent=1785"}],"wp:term":[{"taxonomy":"category","embeddable":true,"href":"https:\/\/munisanantoniosuch.com\/index.php?rest_route=%2Fwp%2Fv2%2Fcategories&post=1785"},{"taxonomy":"post_tag","embeddable":true,"href":"https:\/\/munisanantoniosuch.com\/index.php?rest_route=%2Fwp%2Fv2%2Ftags&post=1785"}],"curies":[{"name":"wp","href":"https:\/\/api.w.org\/{rel}","templated":true}]}}