{"id":1678,"date":"2019-03-25T11:20:24","date_gmt":"2019-03-25T17:20:24","guid":{"rendered":"http:\/\/munisanantoniosuch.com\/?p=1678"},"modified":"2019-03-26T11:47:52","modified_gmt":"2019-03-26T17:47:52","slug":"da-internacional-del-agua-la-tuberculosis","status":"publish","type":"post","link":"https:\/\/munisanantoniosuch.com\/?p=1678","title":{"rendered":"D\u00eda Internacional del Agua y la Tuberculosis"},"content":{"rendered":"<p style=\"text-align: justify;\">Personal del Centro de Salud de San Antonio Suchitep\u00e9quez, realiz\u00f3 este d\u00eda una caminata con la participaci\u00f3n de distintos centros educativos.<\/p>\n<p style=\"text-align: justify;\">La caminata se realiz\u00f3 con motivo de conmemorarse el D\u00eda Internacional del Agua y la Tuberculosis, por lo que los alumnos participantes, llevaron carteles con mensajes alusivos a la conmemoraci\u00f3n.<\/p>\n<div><\/div>\n<p>&nbsp;<\/p>\n<p><a href=\"https:\/\/www.facebook.com\/187771838388162\/photos\/ms.c.eJw9kEkOxEAIA380olls~_P~;HRnGaHEsFZil2kJ4TThz~_ShxeM~_nE8jhgE8uZ8sjLaHnb~;oonr7rXl~;jLa~_V1f0z5unloaJ~_qy5AH16Oe~_ZFxmW89tn6ofdjry4FjZptf8nOZx8Tbz9O6b33b~_w~;DH1uqPs4~-.bps.a.578376555994353\/578377249327617\/?type=3&amp;theater\" target=\"_blank\" rel=\"opener noopener\"><img loading=\"lazy\" decoding=\"async\" class=\"alignnone wp-image-545 size-full\" title=\"Ver galer\u00eda en Facebook\" src=\"http:\/\/munisanantoniosuch.com\/wp-content\/uploads\/2017\/09\/boton-galeria_fotos.jpg\" alt=\"\" width=\"215\" height=\"215\" srcset=\"https:\/\/munisanantoniosuch.com\/wp-content\/uploads\/2017\/09\/boton-galeria_fotos.jpg 215w, https:\/\/munisanantoniosuch.com\/wp-content\/uploads\/2017\/09\/boton-galeria_fotos-150x150.jpg 150w, https:\/\/munisanantoniosuch.com\/wp-content\/uploads\/2017\/09\/boton-galeria_fotos-80x80.jpg 80w\" sizes=\"auto, (max-width: 215px) 100vw, 215px\" \/><\/a><\/p>\n","protected":false},"excerpt":{"rendered":"<p>Personal del Centro de Salud de San Antonio Suchitep\u00e9quez, realiz\u00f3 este d\u00eda una caminata con la participaci\u00f3n de distintos centros educativos. La caminata se realiz\u00f3 con motivo de conmemorarse el D\u00eda Internacional del Agua y la Tuberculosis, por lo que los alumnos participantes, llevaron carteles con mensajes alusivos a la conmemoraci\u00f3n. &nbsp;<\/p>\n","protected":false},"author":1,"featured_media":1673,"comment_status":"open","ping_status":"open","sticky":false,"template":"","format":"gallery","meta":{"footnotes":""},"categories":[2,5],"tags":[178],"class_list":["post-1678","post","type-post","status-publish","format-gallery","has-post-thumbnail","hentry","category-educacion-y-cultura","category-salud-y-calidad-de-vida","tag-portada","post_format-post-format-gallery"],"_links":{"self":[{"href":"https:\/\/munisanantoniosuch.com\/index.php?rest_route=\/wp\/v2\/posts\/1678","targetHints":{"allow":["GET"]}}],"collection":[{"href":"https:\/\/munisanantoniosuch.com\/index.php?rest_route=\/wp\/v2\/posts"}],"about":[{"href":"https:\/\/munisanantoniosuch.com\/index.php?rest_route=\/wp\/v2\/types\/post"}],"author":[{"embeddable":true,"href":"https:\/\/munisanantoniosuch.com\/index.php?rest_route=\/wp\/v2\/users\/1"}],"replies":[{"embeddable":true,"href":"https:\/\/munisanantoniosuch.com\/index.php?rest_route=%2Fwp%2Fv2%2Fcomments&post=1678"}],"version-history":[{"count":1,"href":"https:\/\/munisanantoniosuch.com\/index.php?rest_route=\/wp\/v2\/posts\/1678\/revisions"}],"predecessor-version":[{"id":1679,"href":"https:\/\/munisanantoniosuch.com\/index.php?rest_route=\/wp\/v2\/posts\/1678\/revisions\/1679"}],"wp:featuredmedia":[{"embeddable":true,"href":"https:\/\/munisanantoniosuch.com\/index.php?rest_route=\/wp\/v2\/media\/1673"}],"wp:attachment":[{"href":"https:\/\/munisanantoniosuch.com\/index.php?rest_route=%2Fwp%2Fv2%2Fmedia&parent=1678"}],"wp:term":[{"taxonomy":"category","embeddable":true,"href":"https:\/\/munisanantoniosuch.com\/index.php?rest_route=%2Fwp%2Fv2%2Fcategories&post=1678"},{"taxonomy":"post_tag","embeddable":true,"href":"https:\/\/munisanantoniosuch.com\/index.php?rest_route=%2Fwp%2Fv2%2Ftags&post=1678"}],"curies":[{"name":"wp","href":"https:\/\/api.w.org\/{rel}","templated":true}]}}