{"id":1053,"date":"2018-05-31T17:29:26","date_gmt":"2018-05-31T23:29:26","guid":{"rendered":"http:\/\/munisanantoniosuch.com\/?p=1053"},"modified":"2018-08-10T15:47:02","modified_gmt":"2018-08-10T21:47:02","slug":"reunin-mensual-del-comude","status":"publish","type":"post","link":"https:\/\/munisanantoniosuch.com\/?p=1053","title":{"rendered":"Reuni\u00f3n mensual del COMUDE"},"content":{"rendered":"<p style=\"text-align: justify;\">L\u00edderes de distintas comunidades, realizaron este d\u00eda en el gimnasio municipal de San Antonio Suchitep\u00e9quez, la reuni\u00f3n mensual de COMUDE.<\/p>\n<p style=\"text-align: justify;\">Donde abordaron temas de inter\u00e9s colectivo, a la vez que representantes de distintas instituciones, por ejemplo el Instituto Nacional de Estad\u00edstica &#8220;INE&#8221;, brind\u00f3 importante informaci\u00f3n sobre el evento pr\u00f3ximo del censo en nuestra ciudad.<\/p>\n<div><\/div>\n<p>&nbsp;<\/p>\n<p><a href=\"https:\/\/www.facebook.com\/187771838388162\/photos\/ms.c.eJw1jtsRxAAIAju6UXxE~_m8scxo~_dxbQmHniSQzobf6LZbNkTbgdN8MbycnPe20eI~_axPOJY~;eH1lU~;~;76MpruPSHpY56t9em7wtR8j3~;qv7TV9feAEYmS37.bps.a.388736758291668.1073741867.187771838388162\/388737428291601\/?type=3&amp;theater\" target=\"_blank\" rel=\"opener noopener\"><img loading=\"lazy\" decoding=\"async\" class=\"alignnone wp-image-545 size-full\" title=\"Ver galer\u00eda en Facebook\" src=\"http:\/\/munisanantoniosuch.com\/wp-content\/uploads\/2017\/09\/boton-galeria_fotos.jpg\" alt=\"\" width=\"215\" height=\"215\" srcset=\"https:\/\/munisanantoniosuch.com\/wp-content\/uploads\/2017\/09\/boton-galeria_fotos.jpg 215w, https:\/\/munisanantoniosuch.com\/wp-content\/uploads\/2017\/09\/boton-galeria_fotos-150x150.jpg 150w, https:\/\/munisanantoniosuch.com\/wp-content\/uploads\/2017\/09\/boton-galeria_fotos-80x80.jpg 80w\" sizes=\"auto, (max-width: 215px) 100vw, 215px\" \/><\/a><\/p>\n","protected":false},"excerpt":{"rendered":"<p>Correspondiente al mes de mayo<\/p>\n","protected":false},"author":1,"featured_media":1056,"comment_status":"open","ping_status":"open","sticky":false,"template":"","format":"gallery","meta":{"footnotes":""},"categories":[194],"tags":[178],"class_list":["post-1053","post","type-post","status-publish","format-gallery","has-post-thumbnail","hentry","category-participacion-ciudadana","tag-portada","post_format-post-format-gallery"],"_links":{"self":[{"href":"https:\/\/munisanantoniosuch.com\/index.php?rest_route=\/wp\/v2\/posts\/1053","targetHints":{"allow":["GET"]}}],"collection":[{"href":"https:\/\/munisanantoniosuch.com\/index.php?rest_route=\/wp\/v2\/posts"}],"about":[{"href":"https:\/\/munisanantoniosuch.com\/index.php?rest_route=\/wp\/v2\/types\/post"}],"author":[{"embeddable":true,"href":"https:\/\/munisanantoniosuch.com\/index.php?rest_route=\/wp\/v2\/users\/1"}],"replies":[{"embeddable":true,"href":"https:\/\/munisanantoniosuch.com\/index.php?rest_route=%2Fwp%2Fv2%2Fcomments&post=1053"}],"version-history":[{"count":2,"href":"https:\/\/munisanantoniosuch.com\/index.php?rest_route=\/wp\/v2\/posts\/1053\/revisions"}],"predecessor-version":[{"id":1061,"href":"https:\/\/munisanantoniosuch.com\/index.php?rest_route=\/wp\/v2\/posts\/1053\/revisions\/1061"}],"wp:featuredmedia":[{"embeddable":true,"href":"https:\/\/munisanantoniosuch.com\/index.php?rest_route=\/wp\/v2\/media\/1056"}],"wp:attachment":[{"href":"https:\/\/munisanantoniosuch.com\/index.php?rest_route=%2Fwp%2Fv2%2Fmedia&parent=1053"}],"wp:term":[{"taxonomy":"category","embeddable":true,"href":"https:\/\/munisanantoniosuch.com\/index.php?rest_route=%2Fwp%2Fv2%2Fcategories&post=1053"},{"taxonomy":"post_tag","embeddable":true,"href":"https:\/\/munisanantoniosuch.com\/index.php?rest_route=%2Fwp%2Fv2%2Ftags&post=1053"}],"curies":[{"name":"wp","href":"https:\/\/api.w.org\/{rel}","templated":true}]}}